{"id":410,"date":"2025-11-06T18:00:17","date_gmt":"2025-11-06T17:00:17","guid":{"rendered":"https:\/\/ventsdugrimont.com\/?p=410"},"modified":"2025-11-11T18:18:55","modified_gmt":"2025-11-11T17:18:55","slug":"generation-transition","status":"publish","type":"post","link":"https:\/\/ventsdugrimont.com\/index.php\/2025\/11\/06\/generation-transition\/","title":{"rendered":"Vents du Grimont participe \u00e0 G\u00e9n\u00e9ration Transition\u00a9 2026"},"content":{"rendered":"\t\t<div data-elementor-type=\"wp-post\" data-elementor-id=\"410\" class=\"elementor elementor-410\">\n\t\t\t\t<div class=\"elementor-element elementor-element-588c2f3 e-flex e-con-boxed e-con e-parent\" data-id=\"588c2f3\" data-element_type=\"container\">\n\t\t\t\t\t<div class=\"e-con-inner\">\n\t\t\t\t<div class=\"elementor-element elementor-element-f821b68 elementor-widget elementor-widget-image\" data-id=\"f821b68\" data-element_type=\"widget\" data-widget_type=\"image.default\">\n\t\t\t\t<div class=\"elementor-widget-container\">\n\t\t\t\t\t\t\t\t\t\t\t\t\t\t\t<img decoding=\"async\" width=\"300\" height=\"95\" src=\"https:\/\/ventsdugrimont.com\/wp-content\/uploads\/2024\/05\/Logo_de_France_Renouvelables-300x95.jpg\" class=\"attachment-medium size-medium wp-image-420\" alt=\"\" srcset=\"https:\/\/ventsdugrimont.com\/wp-content\/uploads\/2024\/05\/Logo_de_France_Renouvelables-300x95.jpg 300w, https:\/\/ventsdugrimont.com\/wp-content\/uploads\/2024\/05\/Logo_de_France_Renouvelables-1024x324.jpg 1024w, https:\/\/ventsdugrimont.com\/wp-content\/uploads\/2024\/05\/Logo_de_France_Renouvelables-768x243.jpg 768w, https:\/\/ventsdugrimont.com\/wp-content\/uploads\/2024\/05\/Logo_de_France_Renouvelables.jpg 1200w\" sizes=\"(max-width: 300px) 100vw, 300px\" \/>\t\t\t\t\t\t\t\t\t\t\t\t\t\t\t<\/div>\n\t\t\t\t<\/div>\n\t\t\t\t\t<\/div>\n\t\t\t\t<\/div>\n\t\t\t\t<section class=\"elementor-section elementor-top-section elementor-element elementor-element-ce3d9f0 elementor-section-boxed elementor-section-height-default elementor-section-height-default\" data-id=\"ce3d9f0\" data-element_type=\"section\">\n\t\t\t\t\t\t<div class=\"elementor-container elementor-column-gap-default\">\n\t\t\t\t\t<div class=\"elementor-column elementor-col-100 elementor-top-column elementor-element elementor-element-9cf2ecf\" data-id=\"9cf2ecf\" data-element_type=\"column\">\n\t\t\t<div class=\"elementor-widget-wrap elementor-element-populated\">\n\t\t\t\t\t\t<div class=\"elementor-element elementor-element-5936119 elementor-widget elementor-widget-heading\" data-id=\"5936119\" data-element_type=\"widget\" data-widget_type=\"heading.default\">\n\t\t\t\t<div class=\"elementor-widget-container\">\n\t\t\t\t\t<h2 class=\"elementor-heading-title elementor-size-default\">Les installations d'\u00e9nergie renouvelable ouvrent leurs portes aux scolaires \ndu 18 au 28 mai 2026<\/h2>\t\t\t\t<\/div>\n\t\t\t\t<\/div>\n\t\t\t\t<div class=\"elementor-element elementor-element-245f6c9 elementor-widget elementor-widget-text-editor\" data-id=\"245f6c9\" data-element_type=\"widget\" data-widget_type=\"text-editor.default\">\n\t\t\t\t<div class=\"elementor-widget-container\">\n\t\t\t\t\t\t\t\t\t<h5><strong>Organis\u00e9e par France Renouvelables, association porte-parole des \u00e9nergies \u00e9lectriques renouvelables, G\u00e9n\u00e9ration Transition 2026 donne rendez-vous aux coll\u00e9giens et lyc\u00e9ens du 18 au 28 mai 2026 en leur permettant d&rsquo;aller \u00e0 la rencontre de producteurs d&rsquo;\u00e9nergie \u00e9lectrique renouvelable et de d\u00e9couvrir partout en France les coulisses de la production d&rsquo; \u00e9lectricit\u00e9.\u00a0<\/strong><\/h5><div><h5>Cet \u00e9v\u00e8nement p\u00e9dagogique unique a pour ambition de faire comprendre aux jeunes g\u00e9n\u00e9rations les enjeux de la transition \u00e9nerg\u00e9tique mais aussi de d\u00e9couvrir des m\u00e9tiers d\u2019avenir gr\u00e2ce \u00e0 aux visites organis\u00e9es dans plus de 130 sites de production d&rsquo;\u00e9lectricit\u00e9 renouvelable partout en France.<\/h5><\/div>\t\t\t\t\t\t\t\t<\/div>\n\t\t\t\t<\/div>\n\t\t\t\t\t<\/div>\n\t\t<\/div>\n\t\t\t\t\t<\/div>\n\t\t<\/section>\n\t\t<div class=\"elementor-element elementor-element-cbe9345 e-flex e-con-boxed e-con e-parent\" data-id=\"cbe9345\" data-element_type=\"container\" data-settings=\"{&quot;background_background&quot;:&quot;classic&quot;}\">\n\t\t\t\t\t<div class=\"e-con-inner\">\n\t\t\t\t<div class=\"elementor-element elementor-element-1447a13 elementor-widget elementor-widget-text-editor\" data-id=\"1447a13\" data-element_type=\"widget\" data-widget_type=\"text-editor.default\">\n\t\t\t\t<div class=\"elementor-widget-container\">\n\t\t\t\t\t\t\t\t\t<p style=\"text-align: center;\"><strong>En Franche-Comt\u00e9, trois sites proposent des visites :<\/strong><\/p><ul><li><h5><strong>Parc \u00e9olien de Chamole (39)<\/strong> : lundi 18 mai (apr\u00e8s-midi), mardi 19 mai (matin), jeudi 21 mai (apr\u00e8s-midi), Vendredi 22 mai (matin)<\/h5><\/li><li><h5><strong>Centrale solaire de Mantry (39)<\/strong> : jeudi 21 mai (apr\u00e8s-midi), mercredi 27 mai (matin), vendredi 28 mai (apr\u00e8s-midi)<\/h5><\/li><li><h5><strong>Parc \u00e9olien d&rsquo;Autechaux (25)<\/strong> :\u00a0lundi 18 mai (apr\u00e8s-midi), mardi 19 mai (matin), jeudi 21 mai (apr\u00e8s-midi), Vendredi 22 mai (matin)<\/h5><\/li><\/ul><h5>L&rsquo;information sera diffus\u00e9e aupr\u00e8s des enseignants par le Rectorat.\u00a0<\/h5><h5>\u00a0<\/h5><h5>Les frais de transport des classes peuvent \u00eatre pris en charge sur demande. Les conditions seront pr\u00e9cis\u00e9es lors de l&rsquo;inscription des classes.<\/h5><div>\u00a0<\/div><div style=\"text-align: right;\"><a href=\"https:\/\/www.france-renouvelables.fr\/\">france-renouvelables.fr<\/a><\/div>\t\t\t\t\t\t\t\t<\/div>\n\t\t\t\t<\/div>\n\t\t\t\t\t<\/div>\n\t\t\t\t<\/div>\n\t\t\t\t<\/div>\n\t\t","protected":false},"excerpt":{"rendered":"<p>Les installations d&rsquo;\u00e9nergie renouvelable ouvrent leurs portes aux scolaires du 18 au 28 mai 2026 Organis\u00e9e par France Renouvelables, association porte-parole des \u00e9nergies \u00e9lectriques renouvelables, G\u00e9n\u00e9ration Transition 2026 donne rendez-vous aux coll\u00e9giens et lyc\u00e9ens du 18 au 28 mai 2026 en leur permettant d&rsquo;aller \u00e0 la rencontre de producteurs d&rsquo;\u00e9nergie \u00e9lectrique renouvelable et de d\u00e9couvrir [&hellip;]<\/p>\n","protected":false},"author":1,"featured_media":420,"comment_status":"closed","ping_status":"closed","sticky":false,"template":"","format":"standard","meta":{"footnotes":""},"categories":[1],"tags":[],"post_folder":[],"class_list":["post-410","post","type-post","status-publish","format-standard","has-post-thumbnail","hentry","category-non-classe"],"yoast_head":"<!-- This site is optimized with the Yoast SEO plugin v24.3 - https:\/\/yoast.com\/wordpress\/plugins\/seo\/ -->\n<title>Vents du Grimont participe \u00e0 G\u00e9n\u00e9ration Transition\u00a9 2026 - VENTS DU GRIMONT<\/title>\n<meta name=\"robots\" content=\"index, follow, max-snippet:-1, max-image-preview:large, max-video-preview:-1\" \/>\n<link rel=\"canonical\" href=\"https:\/\/ventsdugrimont.com\/index.php\/2025\/11\/06\/generation-transition\/\" \/>\n<meta property=\"og:locale\" content=\"fr_FR\" \/>\n<meta property=\"og:type\" content=\"article\" \/>\n<meta property=\"og:title\" content=\"Vents du Grimont participe \u00e0 G\u00e9n\u00e9ration Transition\u00a9 2026 - VENTS DU GRIMONT\" \/>\n<meta property=\"og:description\" content=\"Les installations d&rsquo;\u00e9nergie renouvelable ouvrent leurs portes aux scolaires du 18 au 28 mai 2026 Organis\u00e9e par France Renouvelables, association porte-parole des \u00e9nergies \u00e9lectriques renouvelables, G\u00e9n\u00e9ration Transition 2026 donne rendez-vous aux coll\u00e9giens et lyc\u00e9ens du 18 au 28 mai 2026 en leur permettant d&rsquo;aller \u00e0 la rencontre de producteurs d&rsquo;\u00e9nergie \u00e9lectrique renouvelable et de d\u00e9couvrir [&hellip;]\" \/>\n<meta property=\"og:url\" content=\"https:\/\/ventsdugrimont.com\/index.php\/2025\/11\/06\/generation-transition\/\" \/>\n<meta property=\"og:site_name\" content=\"VENTS DU GRIMONT\" \/>\n<meta property=\"article:published_time\" content=\"2025-11-06T17:00:17+00:00\" \/>\n<meta property=\"article:modified_time\" content=\"2025-11-11T17:18:55+00:00\" \/>\n<meta property=\"og:image\" content=\"https:\/\/ventsdugrimont.com\/wp-content\/uploads\/2024\/05\/Logo_de_France_Renouvelables.jpg\" \/>\n\t<meta property=\"og:image:width\" content=\"1200\" \/>\n\t<meta property=\"og:image:height\" content=\"380\" \/>\n\t<meta property=\"og:image:type\" content=\"image\/jpeg\" \/>\n<meta name=\"author\" content=\"admin8959\" \/>\n<meta name=\"twitter:card\" content=\"summary_large_image\" \/>\n<meta name=\"twitter:label1\" content=\"\u00c9crit par\" \/>\n\t<meta name=\"twitter:data1\" content=\"admin8959\" \/>\n\t<meta name=\"twitter:label2\" content=\"Dur\u00e9e de lecture estim\u00e9e\" \/>\n\t<meta name=\"twitter:data2\" content=\"2 minutes\" \/>\n<script type=\"application\/ld+json\" class=\"yoast-schema-graph\">{\"@context\":\"https:\/\/schema.org\",\"@graph\":[{\"@type\":\"Article\",\"@id\":\"https:\/\/ventsdugrimont.com\/index.php\/2025\/11\/06\/generation-transition\/#article\",\"isPartOf\":{\"@id\":\"https:\/\/ventsdugrimont.com\/index.php\/2025\/11\/06\/generation-transition\/\"},\"author\":{\"name\":\"admin8959\",\"@id\":\"https:\/\/ventsdugrimont.com\/#\/schema\/person\/1e77539d1c5e5e4d3689033f85f8cf76\"},\"headline\":\"Vents du Grimont participe \u00e0 G\u00e9n\u00e9ration Transition\u00a9 2026\",\"datePublished\":\"2025-11-06T17:00:17+00:00\",\"dateModified\":\"2025-11-11T17:18:55+00:00\",\"mainEntityOfPage\":{\"@id\":\"https:\/\/ventsdugrimont.com\/index.php\/2025\/11\/06\/generation-transition\/\"},\"wordCount\":223,\"publisher\":{\"@id\":\"https:\/\/ventsdugrimont.com\/#organization\"},\"image\":{\"@id\":\"https:\/\/ventsdugrimont.com\/index.php\/2025\/11\/06\/generation-transition\/#primaryimage\"},\"thumbnailUrl\":\"https:\/\/ventsdugrimont.com\/wp-content\/uploads\/2024\/05\/Logo_de_France_Renouvelables.jpg\",\"inLanguage\":\"fr-FR\"},{\"@type\":\"WebPage\",\"@id\":\"https:\/\/ventsdugrimont.com\/index.php\/2025\/11\/06\/generation-transition\/\",\"url\":\"https:\/\/ventsdugrimont.com\/index.php\/2025\/11\/06\/generation-transition\/\",\"name\":\"Vents du Grimont participe \u00e0 G\u00e9n\u00e9ration Transition\u00a9 2026 - VENTS DU GRIMONT\",\"isPartOf\":{\"@id\":\"https:\/\/ventsdugrimont.com\/#website\"},\"primaryImageOfPage\":{\"@id\":\"https:\/\/ventsdugrimont.com\/index.php\/2025\/11\/06\/generation-transition\/#primaryimage\"},\"image\":{\"@id\":\"https:\/\/ventsdugrimont.com\/index.php\/2025\/11\/06\/generation-transition\/#primaryimage\"},\"thumbnailUrl\":\"https:\/\/ventsdugrimont.com\/wp-content\/uploads\/2024\/05\/Logo_de_France_Renouvelables.jpg\",\"datePublished\":\"2025-11-06T17:00:17+00:00\",\"dateModified\":\"2025-11-11T17:18:55+00:00\",\"breadcrumb\":{\"@id\":\"https:\/\/ventsdugrimont.com\/index.php\/2025\/11\/06\/generation-transition\/#breadcrumb\"},\"inLanguage\":\"fr-FR\",\"potentialAction\":[{\"@type\":\"ReadAction\",\"target\":[\"https:\/\/ventsdugrimont.com\/index.php\/2025\/11\/06\/generation-transition\/\"]}]},{\"@type\":\"ImageObject\",\"inLanguage\":\"fr-FR\",\"@id\":\"https:\/\/ventsdugrimont.com\/index.php\/2025\/11\/06\/generation-transition\/#primaryimage\",\"url\":\"https:\/\/ventsdugrimont.com\/wp-content\/uploads\/2024\/05\/Logo_de_France_Renouvelables.jpg\",\"contentUrl\":\"https:\/\/ventsdugrimont.com\/wp-content\/uploads\/2024\/05\/Logo_de_France_Renouvelables.jpg\",\"width\":1200,\"height\":380},{\"@type\":\"BreadcrumbList\",\"@id\":\"https:\/\/ventsdugrimont.com\/index.php\/2025\/11\/06\/generation-transition\/#breadcrumb\",\"itemListElement\":[{\"@type\":\"ListItem\",\"position\":1,\"name\":\"Accueil\",\"item\":\"https:\/\/ventsdugrimont.com\/\"},{\"@type\":\"ListItem\",\"position\":2,\"name\":\"Vents du Grimont participe \u00e0 G\u00e9n\u00e9ration Transition\u00a9 2026\"}]},{\"@type\":\"WebSite\",\"@id\":\"https:\/\/ventsdugrimont.com\/#website\",\"url\":\"https:\/\/ventsdugrimont.com\/\",\"name\":\"VENTS DU GRIMONT\",\"description\":\"Energies Renouvelables Citoyennes\",\"publisher\":{\"@id\":\"https:\/\/ventsdugrimont.com\/#organization\"},\"potentialAction\":[{\"@type\":\"SearchAction\",\"target\":{\"@type\":\"EntryPoint\",\"urlTemplate\":\"https:\/\/ventsdugrimont.com\/?s={search_term_string}\"},\"query-input\":{\"@type\":\"PropertyValueSpecification\",\"valueRequired\":true,\"valueName\":\"search_term_string\"}}],\"inLanguage\":\"fr-FR\"},{\"@type\":\"Organization\",\"@id\":\"https:\/\/ventsdugrimont.com\/#organization\",\"name\":\"Vents du Grimont\",\"url\":\"https:\/\/ventsdugrimont.com\/\",\"logo\":{\"@type\":\"ImageObject\",\"inLanguage\":\"fr-FR\",\"@id\":\"https:\/\/ventsdugrimont.com\/#\/schema\/logo\/image\/\",\"url\":\"http:\/\/ventsdugrimont.com\/wp-content\/uploads\/2022\/06\/vents-grimont.png\",\"contentUrl\":\"http:\/\/ventsdugrimont.com\/wp-content\/uploads\/2022\/06\/vents-grimont.png\",\"width\":143,\"height\":140,\"caption\":\"Vents du Grimont\"},\"image\":{\"@id\":\"https:\/\/ventsdugrimont.com\/#\/schema\/logo\/image\/\"}},{\"@type\":\"Person\",\"@id\":\"https:\/\/ventsdugrimont.com\/#\/schema\/person\/1e77539d1c5e5e4d3689033f85f8cf76\",\"name\":\"admin8959\",\"image\":{\"@type\":\"ImageObject\",\"inLanguage\":\"fr-FR\",\"@id\":\"https:\/\/ventsdugrimont.com\/#\/schema\/person\/image\/\",\"url\":\"https:\/\/secure.gravatar.com\/avatar\/7e08495d8f97c74e771da7a539c40e60b214a73e996b684374fc8373866b0c67?s=96&d=mm&r=g\",\"contentUrl\":\"https:\/\/secure.gravatar.com\/avatar\/7e08495d8f97c74e771da7a539c40e60b214a73e996b684374fc8373866b0c67?s=96&d=mm&r=g\",\"caption\":\"admin8959\"},\"sameAs\":[\"http:\/\/ventsdugrimont.com\"],\"url\":\"https:\/\/ventsdugrimont.com\/index.php\/author\/admin8959\/\"}]}<\/script>\n<!-- \/ Yoast SEO plugin. -->","yoast_head_json":{"title":"Vents du Grimont participe \u00e0 G\u00e9n\u00e9ration Transition\u00a9 2026 - VENTS DU GRIMONT","robots":{"index":"index","follow":"follow","max-snippet":"max-snippet:-1","max-image-preview":"max-image-preview:large","max-video-preview":"max-video-preview:-1"},"canonical":"https:\/\/ventsdugrimont.com\/index.php\/2025\/11\/06\/generation-transition\/","og_locale":"fr_FR","og_type":"article","og_title":"Vents du Grimont participe \u00e0 G\u00e9n\u00e9ration Transition\u00a9 2026 - VENTS DU GRIMONT","og_description":"Les installations d&rsquo;\u00e9nergie renouvelable ouvrent leurs portes aux scolaires du 18 au 28 mai 2026 Organis\u00e9e par France Renouvelables, association porte-parole des \u00e9nergies \u00e9lectriques renouvelables, G\u00e9n\u00e9ration Transition 2026 donne rendez-vous aux coll\u00e9giens et lyc\u00e9ens du 18 au 28 mai 2026 en leur permettant d&rsquo;aller \u00e0 la rencontre de producteurs d&rsquo;\u00e9nergie \u00e9lectrique renouvelable et de d\u00e9couvrir [&hellip;]","og_url":"https:\/\/ventsdugrimont.com\/index.php\/2025\/11\/06\/generation-transition\/","og_site_name":"VENTS DU GRIMONT","article_published_time":"2025-11-06T17:00:17+00:00","article_modified_time":"2025-11-11T17:18:55+00:00","og_image":[{"width":1200,"height":380,"url":"https:\/\/ventsdugrimont.com\/wp-content\/uploads\/2024\/05\/Logo_de_France_Renouvelables.jpg","type":"image\/jpeg"}],"author":"admin8959","twitter_card":"summary_large_image","twitter_misc":{"\u00c9crit par":"admin8959","Dur\u00e9e de lecture estim\u00e9e":"2 minutes"},"schema":{"@context":"https:\/\/schema.org","@graph":[{"@type":"Article","@id":"https:\/\/ventsdugrimont.com\/index.php\/2025\/11\/06\/generation-transition\/#article","isPartOf":{"@id":"https:\/\/ventsdugrimont.com\/index.php\/2025\/11\/06\/generation-transition\/"},"author":{"name":"admin8959","@id":"https:\/\/ventsdugrimont.com\/#\/schema\/person\/1e77539d1c5e5e4d3689033f85f8cf76"},"headline":"Vents du Grimont participe \u00e0 G\u00e9n\u00e9ration Transition\u00a9 2026","datePublished":"2025-11-06T17:00:17+00:00","dateModified":"2025-11-11T17:18:55+00:00","mainEntityOfPage":{"@id":"https:\/\/ventsdugrimont.com\/index.php\/2025\/11\/06\/generation-transition\/"},"wordCount":223,"publisher":{"@id":"https:\/\/ventsdugrimont.com\/#organization"},"image":{"@id":"https:\/\/ventsdugrimont.com\/index.php\/2025\/11\/06\/generation-transition\/#primaryimage"},"thumbnailUrl":"https:\/\/ventsdugrimont.com\/wp-content\/uploads\/2024\/05\/Logo_de_France_Renouvelables.jpg","inLanguage":"fr-FR"},{"@type":"WebPage","@id":"https:\/\/ventsdugrimont.com\/index.php\/2025\/11\/06\/generation-transition\/","url":"https:\/\/ventsdugrimont.com\/index.php\/2025\/11\/06\/generation-transition\/","name":"Vents du Grimont participe \u00e0 G\u00e9n\u00e9ration Transition\u00a9 2026 - VENTS DU GRIMONT","isPartOf":{"@id":"https:\/\/ventsdugrimont.com\/#website"},"primaryImageOfPage":{"@id":"https:\/\/ventsdugrimont.com\/index.php\/2025\/11\/06\/generation-transition\/#primaryimage"},"image":{"@id":"https:\/\/ventsdugrimont.com\/index.php\/2025\/11\/06\/generation-transition\/#primaryimage"},"thumbnailUrl":"https:\/\/ventsdugrimont.com\/wp-content\/uploads\/2024\/05\/Logo_de_France_Renouvelables.jpg","datePublished":"2025-11-06T17:00:17+00:00","dateModified":"2025-11-11T17:18:55+00:00","breadcrumb":{"@id":"https:\/\/ventsdugrimont.com\/index.php\/2025\/11\/06\/generation-transition\/#breadcrumb"},"inLanguage":"fr-FR","potentialAction":[{"@type":"ReadAction","target":["https:\/\/ventsdugrimont.com\/index.php\/2025\/11\/06\/generation-transition\/"]}]},{"@type":"ImageObject","inLanguage":"fr-FR","@id":"https:\/\/ventsdugrimont.com\/index.php\/2025\/11\/06\/generation-transition\/#primaryimage","url":"https:\/\/ventsdugrimont.com\/wp-content\/uploads\/2024\/05\/Logo_de_France_Renouvelables.jpg","contentUrl":"https:\/\/ventsdugrimont.com\/wp-content\/uploads\/2024\/05\/Logo_de_France_Renouvelables.jpg","width":1200,"height":380},{"@type":"BreadcrumbList","@id":"https:\/\/ventsdugrimont.com\/index.php\/2025\/11\/06\/generation-transition\/#breadcrumb","itemListElement":[{"@type":"ListItem","position":1,"name":"Accueil","item":"https:\/\/ventsdugrimont.com\/"},{"@type":"ListItem","position":2,"name":"Vents du Grimont participe \u00e0 G\u00e9n\u00e9ration Transition\u00a9 2026"}]},{"@type":"WebSite","@id":"https:\/\/ventsdugrimont.com\/#website","url":"https:\/\/ventsdugrimont.com\/","name":"VENTS DU GRIMONT","description":"Energies Renouvelables Citoyennes","publisher":{"@id":"https:\/\/ventsdugrimont.com\/#organization"},"potentialAction":[{"@type":"SearchAction","target":{"@type":"EntryPoint","urlTemplate":"https:\/\/ventsdugrimont.com\/?s={search_term_string}"},"query-input":{"@type":"PropertyValueSpecification","valueRequired":true,"valueName":"search_term_string"}}],"inLanguage":"fr-FR"},{"@type":"Organization","@id":"https:\/\/ventsdugrimont.com\/#organization","name":"Vents du Grimont","url":"https:\/\/ventsdugrimont.com\/","logo":{"@type":"ImageObject","inLanguage":"fr-FR","@id":"https:\/\/ventsdugrimont.com\/#\/schema\/logo\/image\/","url":"http:\/\/ventsdugrimont.com\/wp-content\/uploads\/2022\/06\/vents-grimont.png","contentUrl":"http:\/\/ventsdugrimont.com\/wp-content\/uploads\/2022\/06\/vents-grimont.png","width":143,"height":140,"caption":"Vents du Grimont"},"image":{"@id":"https:\/\/ventsdugrimont.com\/#\/schema\/logo\/image\/"}},{"@type":"Person","@id":"https:\/\/ventsdugrimont.com\/#\/schema\/person\/1e77539d1c5e5e4d3689033f85f8cf76","name":"admin8959","image":{"@type":"ImageObject","inLanguage":"fr-FR","@id":"https:\/\/ventsdugrimont.com\/#\/schema\/person\/image\/","url":"https:\/\/secure.gravatar.com\/avatar\/7e08495d8f97c74e771da7a539c40e60b214a73e996b684374fc8373866b0c67?s=96&d=mm&r=g","contentUrl":"https:\/\/secure.gravatar.com\/avatar\/7e08495d8f97c74e771da7a539c40e60b214a73e996b684374fc8373866b0c67?s=96&d=mm&r=g","caption":"admin8959"},"sameAs":["http:\/\/ventsdugrimont.com"],"url":"https:\/\/ventsdugrimont.com\/index.php\/author\/admin8959\/"}]}},"_links":{"self":[{"href":"https:\/\/ventsdugrimont.com\/index.php\/wp-json\/wp\/v2\/posts\/410","targetHints":{"allow":["GET"]}}],"collection":[{"href":"https:\/\/ventsdugrimont.com\/index.php\/wp-json\/wp\/v2\/posts"}],"about":[{"href":"https:\/\/ventsdugrimont.com\/index.php\/wp-json\/wp\/v2\/types\/post"}],"author":[{"embeddable":true,"href":"https:\/\/ventsdugrimont.com\/index.php\/wp-json\/wp\/v2\/users\/1"}],"replies":[{"embeddable":true,"href":"https:\/\/ventsdugrimont.com\/index.php\/wp-json\/wp\/v2\/comments?post=410"}],"version-history":[{"count":30,"href":"https:\/\/ventsdugrimont.com\/index.php\/wp-json\/wp\/v2\/posts\/410\/revisions"}],"predecessor-version":[{"id":1354,"href":"https:\/\/ventsdugrimont.com\/index.php\/wp-json\/wp\/v2\/posts\/410\/revisions\/1354"}],"wp:featuredmedia":[{"embeddable":true,"href":"https:\/\/ventsdugrimont.com\/index.php\/wp-json\/wp\/v2\/media\/420"}],"wp:attachment":[{"href":"https:\/\/ventsdugrimont.com\/index.php\/wp-json\/wp\/v2\/media?parent=410"}],"wp:term":[{"taxonomy":"category","embeddable":true,"href":"https:\/\/ventsdugrimont.com\/index.php\/wp-json\/wp\/v2\/categories?post=410"},{"taxonomy":"post_tag","embeddable":true,"href":"https:\/\/ventsdugrimont.com\/index.php\/wp-json\/wp\/v2\/tags?post=410"},{"taxonomy":"post_folder","embeddable":true,"href":"https:\/\/ventsdugrimont.com\/index.php\/wp-json\/wp\/v2\/post_folder?post=410"}],"curies":[{"name":"wp","href":"https:\/\/api.w.org\/{rel}","templated":true}]}}